{"id":144,"count":0,"description":"","link":"https:\/\/wochefuerdeutsch.be\/fr\/veranstaltungen\/category\/pour-les-eleves-de-la-5e-primaire-a-la-4e-secondaire\/","name":"POUR LES \u00c9L\u00c9VES DE LA 5e PRIMAIRE \u00c0 LA 4e SECONDAIRE","slug":"pour-les-eleves-de-la-5e-primaire-a-la-4e-secondaire","taxonomy":"tribe_events_cat","parent":0,"meta":[],"acf":[],"_links":{"self":[{"href":"https:\/\/wochefuerdeutsch.be\/fr\/wp-json\/wp\/v2\/tribe_events_cat\/144","targetHints":{"allow":["GET"]}}],"collection":[{"href":"https:\/\/wochefuerdeutsch.be\/fr\/wp-json\/wp\/v2\/tribe_events_cat"}],"about":[{"href":"https:\/\/wochefuerdeutsch.be\/fr\/wp-json\/wp\/v2\/taxonomies\/tribe_events_cat"}],"wp:post_type":[{"href":"https:\/\/wochefuerdeutsch.be\/fr\/wp-json\/wp\/v2\/tribe_events?tribe_events_cat=144"},{"href":"https:\/\/wochefuerdeutsch.be\/fr\/wp-json\/wp\/v2\/tec_calendar_embed?tribe_events_cat=144"}],"curies":[{"name":"wp","href":"https:\/\/api.w.org\/{rel}","templated":true}]}}