{"id":6937,"global_id":"wochefuerdeutsch.be\/nl\/?id=6937","global_id_lineage":["wochefuerdeutsch.be\/nl\/?id=6937"],"author":"3","status":"publish","date":"2026-08-31 15:56:58","date_utc":"2026-08-31 13:56:58","modified":"2026-08-31 16:01:46","modified_utc":"2026-08-31 14:01:46","url":"https:\/\/wochefuerdeutsch.be\/nl\/event\/filmabend-zweitland\/","rest_url":"https:\/\/wochefuerdeutsch.be\/nl\/wp-json\/tribe\/events\/v1\/events\/6937","title":"Filmavond \u201eZweitland\u201c","description":"<p dir=\"ltr\"><strong>Zuid-Tirol, 1961.<\/strong> De Noord-Italiaanse regio wordt opgeschrikt door een reeks bomaanslagen van separatisten. Terwijl de jonge boerenzoon Paul wil ontsnappen aan het uitzichtloze bestaan in zijn dorp om schilderkunst te gaan studeren, strijdt zijn broer Anton compromisloos voor de bescherming van de Duitstalige minderheid \u2013 desnoods met geweld. Wanneer Anton als een van de aanslagplegers wordt ontmaskerd, slaat hij op de vlucht en laat hij hoeve en gezin achter. Met tegenzin stelt Paul zijn eigen plannen uit om Antons vrouw Anna en haar zoontje bij te staan. Terwijl de situatie escaleert en de Italiaanse politie hard optreedt, begint Anna zich steeds meer te verzetten tegen de patriarchale structuren van haar omgeving. Paul daarentegen moet een keuze maken \u2013 tussen loyaliteit aan zijn familie en persoonlijke zelfontplooiing.<\/p>\n<p dir=\"ltr\">In zijn bioscoopdebuut belicht regisseur Michael Kofler op meeslepende en indringende wijze de gebeurtenissen rond de \u201eFeuernacht&#8221; in Zuid-Tirol. Thomas Prenn (\u201eHochwald&#8221;) en Laurence Rupp (\u201eVeni Vidi Vici&#8221;) overtuigen als tegengesteld broederpaar, aan de zijde van Aenne Schwarz (\u201eLeibniz \u2013 Chronik eines verschollenen Bildes&#8221;) als moderne voortrekster.<\/p>\n<p dir=\"ltr\">Met veel plezier openen wij de nieuwe Deutschcaf\u00e9-filmreeks, waarmee we met telkens \u00e9\u00e9n Duitstalige filmavond per semester de ontmoeting met elkaar \u00e9n met de Duitstalige cultuur mogelijk willen maken.<\/p>\n<p dir=\"ltr\">De aftrap wordt gegeven in het kader van de Woche f\u00fcr Deutsch van dit jaar, met de film <strong>\u201eZweitland&#8221; (2025)<\/strong> van Michael Kofler. Voorafgaand aan de film geven doctoraatsstudenten Leonore Nassen en de Zuid-Tiroolse Lorenza Vandeweyer een korte inleiding op het thema, en achteraf is er in het Agora Caf\u00e9 aan de Universiteit Antwerpen gelegenheid tot een ontspannen nabespreking en discussie.<\/p>\n<p dir=\"ltr\">De toegang is gratis, maar we vragen je wel om je in te schrijven via onderstaande inschrijvingsknop. <span style=\"font-weight: 400;\">\ud83e\udc6a <\/span><a href=\"https:\/\/forms.cloud.microsoft\/pages\/responsepage.aspx?id=-wgueVQtjkqvciAlSBNu9o04KzpXn6lImrF5XIwcl41URDVFM0ZTTE1BS05DVUlBSzdLWDJHRk80VS4u&amp;route=shorturl\"><b>NAAR DE\u00a0 INSCHRIJVING\u00a0<\/b><\/a><\/p>\n<p dir=\"ltr\">\n<p dir=\"ltr\">We kijken uit naar jullie komst!<b><\/b><\/p>\n<p>&nbsp;<\/p>","excerpt":"","slug":"filmabend-zweitland","image":{"url":"https:\/\/wochefuerdeutsch.be\/wp-content\/uploads\/2026\/08\/wk_zweitland_A4_RGB-scaled.jpg","id":6946,"extension":"jpg","width":1810,"height":2560,"filesize":5304659,"sizes":{"medium":{"width":800,"height":1132,"mime-type":"image\/jpeg","filesize":1019715,"url":"https:\/\/wochefuerdeutsch.be\/wp-content\/uploads\/2026\/08\/wk_zweitland_A4_RGB-800x1132.jpg"},"large":{"width":1600,"height":2263,"mime-type":"image\/jpeg","filesize":4112373,"url":"https:\/\/wochefuerdeutsch.be\/wp-content\/uploads\/2026\/08\/wk_zweitland_A4_RGB-1600x2263.jpg"},"thumbnail":{"width":150,"height":150,"mime-type":"image\/jpeg","filesize":41429,"url":"https:\/\/wochefuerdeutsch.be\/wp-content\/uploads\/2026\/08\/wk_zweitland_A4_RGB-150x150.jpg"},"medium_large":{"width":768,"height":1086,"mime-type":"image\/jpeg","filesize":940681,"url":"https:\/\/wochefuerdeutsch.be\/wp-content\/uploads\/2026\/08\/wk_zweitland_A4_RGB-768x1086.jpg"},"1536x1536":{"width":1086,"height":1536,"mime-type":"image\/jpeg","filesize":1872387,"url":"https:\/\/wochefuerdeutsch.be\/wp-content\/uploads\/2026\/08\/wk_zweitland_A4_RGB-1086x1536.jpg"},"2048x2048":{"width":1448,"height":2048,"mime-type":"image\/jpeg","filesize":3349754,"url":"https:\/\/wochefuerdeutsch.be\/wp-content\/uploads\/2026\/08\/wk_zweitland_A4_RGB-1448x2048.jpg"},"small":{"width":400,"height":566,"mime-type":"image\/jpeg","filesize":264420,"url":"https:\/\/wochefuerdeutsch.be\/wp-content\/uploads\/2026\/08\/wk_zweitland_A4_RGB-400x566.jpg"},"header":{"width":1440,"height":900,"mime-type":"image\/jpeg","filesize":1517687,"url":"https:\/\/wochefuerdeutsch.be\/wp-content\/uploads\/2026\/08\/wk_zweitland_A4_RGB-1440x900.jpg"}},"original_image":"wk_zweitland_A4_RGB.jpg"},"all_day":false,"start_date":"2026-10-13 19:00:00","start_date_details":{"year":"2026","month":"10","day":"13","hour":"19","minutes":"00","seconds":"00"},"end_date":"2026-10-13 22:00:00","end_date_details":{"year":"2026","month":"10","day":"13","hour":"22","minutes":"00","seconds":"00"},"utc_start_date":"2026-10-13 17:00:00","utc_start_date_details":{"year":"2026","month":"10","day":"13","hour":"17","minutes":"00","seconds":"00"},"utc_end_date":"2026-10-13 20:00:00","utc_end_date_details":{"year":"2026","month":"10","day":"13","hour":"20","minutes":"00","seconds":"00"},"timezone":"Europe\/Brussels","timezone_abbr":"CEST","cost":"","cost_details":{"currency_symbol":"\u20ac","currency_code":"EUR","currency_position":"suffix","values":[]},"website":"https:\/\/www.uantwerpen.be\/en\/projects\/deutschcafe\/programm\/13102026-zweitland\/","show_map":false,"show_map_link":true,"hide_from_listings":false,"sticky":false,"featured":false,"categories":[{"name":"F\u00dcR ALLE","slug":"fuer-alle-2-nl","term_group":0,"term_taxonomy_id":148,"taxonomy":"tribe_events_cat","description":"","parent":0,"count":22,"filter":"raw","id":148,"urls":{"self":"https:\/\/wochefuerdeutsch.be\/nl\/wp-json\/tribe\/events\/v1\/categories\/148","collection":"https:\/\/wochefuerdeutsch.be\/nl\/wp-json\/tribe\/events\/v1\/categories"}},{"name":"VOOR IEDEREEN","slug":"voor-iedereen","term_group":0,"term_taxonomy_id":47,"taxonomy":"tribe_events_cat","description":"","parent":0,"count":63,"filter":"raw","id":47,"urls":{"self":"https:\/\/wochefuerdeutsch.be\/nl\/wp-json\/tribe\/events\/v1\/categories\/47","collection":"https:\/\/wochefuerdeutsch.be\/nl\/wp-json\/tribe\/events\/v1\/categories"}}],"tags":[],"venue":[],"organizer":[{"id":6935,"author":"3","status":"publish","date":"2026-08-31 15:56:58","date_utc":"2026-08-31 13:56:58","modified":"2026-08-31 15:56:58","modified_utc":"2026-08-31 13:56:58","url":"https:\/\/wochefuerdeutsch.be\/nl\/organisator\/uni-antwerpen\/","organizer":"Uni Antwerpen","slug":"uni-antwerpen","json_ld":{"@type":"Person","name":"Uni Antwerpen","description":"","url":"","telephone":"","email":"","sameAs":""},"global_id":"wochefuerdeutsch.be\/nl\/?id=6935","global_id_lineage":["wochefuerdeutsch.be\/nl\/?id=6935"]}],"custom_fields":[],"json_ld":{"@context":"http:\/\/schema.org","@type":"Event","name":"Filmavond \u201eZweitland\u201c","description":"&lt;p&gt;Zuid-Tirol, 1961. De Noord-Italiaanse regio wordt opgeschrikt door een reeks bomaanslagen van separatisten. Terwijl de jonge boerenzoon Paul wil ontsnappen aan het uitzichtloze bestaan in zijn dorp om schilderkunst te [&hellip;]&lt;\/p&gt;\\n","image":"https:\/\/wochefuerdeutsch.be\/wp-content\/uploads\/2026\/08\/wk_zweitland_A4_RGB-scaled.jpg","url":"https:\/\/wochefuerdeutsch.be\/nl\/event\/filmabend-zweitland\/","eventAttendanceMode":"https:\/\/schema.org\/OfflineEventAttendanceMode","eventStatus":"https:\/\/schema.org\/EventScheduled","startDate":"2026-10-13T19:00:00+02:00","endDate":"2026-10-13T22:00:00+02:00","organizer":{"@type":"Person","name":"Uni Antwerpen","description":"","url":"","telephone":"","email":"","sameAs":""},"performer":"Organization"}}