{"id":7026,"global_id":"wochefuerdeutsch.be\/nl\/?id=7026","global_id_lineage":["wochefuerdeutsch.be\/nl\/?id=7026"],"author":"3","status":"publish","date":"2026-09-05 08:55:47","date_utc":"2026-09-05 06:55:47","modified":"2026-09-05 09:02:57","modified_utc":"2026-09-05 07:02:57","url":"https:\/\/wochefuerdeutsch.be\/nl\/event\/einen-tag-lang-deutsch-erleben-schnuppern-an-der-idsb\/","rest_url":"https:\/\/wochefuerdeutsch.be\/nl\/wp-json\/tribe\/events\/v1\/events\/7026","title":"Een dag lang Duits beleven \u2013 kennismaken met de iDSB","description":"<p>In het kader van de Duitse Taalweek opent de Internationale Duitse School van Brussel (iDSB) haar deuren voor leerlingen uit de klassen 5 tot en met 10 van andere scholen in Belgi\u00eb.<br \/>\nGe\u00efnteresseerde leerlingen krijgen de kans om zich een dag lang onder te dompelen in het dagelijkse schoolleven op de iDSB: ze doen nieuwe inzichten op, maken uit de eerste hand kennis met de Duitse taal en cultuur en nemen deel aan een exclusieve Duitse les.<br \/>\nEen prachtige kans om het Duits buiten je eigen klaslokaal te ontdekken en onze school persoonlijk te leren kennen.<br \/>\nAls je ge\u00efnteresseerd bent, stuur ons dan gerust een berichtje via:\u00a0<a href=\"an:\u00a0marketing@idsb.eu.\">marketing@idsb.eu.<\/a><\/p>\n<p>&nbsp;<\/p>","excerpt":"","slug":"einen-tag-lang-deutsch-erleben-schnuppern-an-der-idsb","image":{"url":"https:\/\/wochefuerdeutsch.be\/wp-content\/uploads\/2026\/09\/2025-10-06_Bild-Woche-in-Deutsch.jpg","id":7027,"extension":"jpg","width":1200,"height":1200,"filesize":283423,"sizes":{"medium":{"width":800,"height":800,"mime-type":"image\/jpeg","filesize":412604,"url":"https:\/\/wochefuerdeutsch.be\/wp-content\/uploads\/2026\/09\/2025-10-06_Bild-Woche-in-Deutsch-800x800.jpg"},"thumbnail":{"width":150,"height":150,"mime-type":"image\/jpeg","filesize":24064,"url":"https:\/\/wochefuerdeutsch.be\/wp-content\/uploads\/2026\/09\/2025-10-06_Bild-Woche-in-Deutsch-150x150.jpg"},"medium_large":{"width":768,"height":768,"mime-type":"image\/jpeg","filesize":392483,"url":"https:\/\/wochefuerdeutsch.be\/wp-content\/uploads\/2026\/09\/2025-10-06_Bild-Woche-in-Deutsch-768x768.jpg"},"small":{"width":400,"height":400,"mime-type":"image\/jpeg","filesize":131999,"url":"https:\/\/wochefuerdeutsch.be\/wp-content\/uploads\/2026\/09\/2025-10-06_Bild-Woche-in-Deutsch-400x400.jpg"},"header":{"width":1200,"height":900,"mime-type":"image\/jpeg","filesize":587636,"url":"https:\/\/wochefuerdeutsch.be\/wp-content\/uploads\/2026\/09\/2025-10-06_Bild-Woche-in-Deutsch-1200x900.jpg"}}},"all_day":false,"start_date":"2026-10-12 08:00:00","start_date_details":{"year":"2026","month":"10","day":"12","hour":"08","minutes":"00","seconds":"00"},"end_date":"2026-10-16 13:20:00","end_date_details":{"year":"2026","month":"10","day":"16","hour":"13","minutes":"20","seconds":"00"},"utc_start_date":"2026-10-12 06:00:00","utc_start_date_details":{"year":"2026","month":"10","day":"12","hour":"06","minutes":"00","seconds":"00"},"utc_end_date":"2026-10-16 11:20:00","utc_end_date_details":{"year":"2026","month":"10","day":"16","hour":"11","minutes":"20","seconds":"00"},"timezone":"Europe\/Brussels","timezone_abbr":"CEST","cost":"","cost_details":{"currency_symbol":"\u20ac","currency_code":"EUR","currency_position":"suffix","values":[]},"website":"","show_map":false,"show_map_link":true,"hide_from_listings":false,"sticky":false,"featured":false,"categories":[{"name":"VOOR LEERLINGEN","slug":"voor-leerlingen","term_group":0,"term_taxonomy_id":48,"taxonomy":"tribe_events_cat","description":"","parent":0,"count":21,"filter":"raw","id":48,"urls":{"self":"https:\/\/wochefuerdeutsch.be\/nl\/wp-json\/tribe\/events\/v1\/categories\/48","collection":"https:\/\/wochefuerdeutsch.be\/nl\/wp-json\/tribe\/events\/v1\/categories"}}],"tags":[],"venue":{"id":2252,"author":"3","status":"publish","date":"2023-09-20 14:50:21","date_utc":"2023-09-20 12:50:21","modified":"2023-09-20 14:50:21","modified_utc":"2023-09-20 12:50:21","url":"https:\/\/wochefuerdeutsch.be\/nl\/locatie\/internationale-deutsche-schule-bruessel\/","venue":"Internationale Deutsche Schule Br\u00fcssel","slug":"internationale-deutsche-schule-bruessel","address":"Rue du Long Ch\u00eane 71","city":"Wezembeek-Oppem","zip":"1970","json_ld":{"@type":"Place","name":"Internationale Deutsche Schule Br\u00fcssel","description":"","url":"","address":{"@type":"PostalAddress","streetAddress":"Rue du Long Ch\u00eane 71","addressLocality":"Wezembeek-Oppem","postalCode":"1970"},"telephone":"","sameAs":""},"show_map":true,"show_map_link":true,"global_id":"wochefuerdeutsch.be\/nl\/?id=2252","global_id_lineage":["wochefuerdeutsch.be\/nl\/?id=2252"]},"organizer":[{"id":5312,"author":"3","status":"publish","date":"2025-06-27 16:04:31","date_utc":"2025-06-27 14:04:31","modified":"2025-06-27 16:04:31","modified_utc":"2025-06-27 14:04:31","url":"https:\/\/wochefuerdeutsch.be\/nl\/organisator\/internationale-deutsche-schule-bruessel-2\/","organizer":"Internationale Deutsche Schule Br\u00fcssel","slug":"internationale-deutsche-schule-bruessel-2","json_ld":{"@type":"Person","name":"Internationale Deutsche Schule Br\u00fcssel","description":"","url":"","telephone":"","email":"","sameAs":""},"global_id":"wochefuerdeutsch.be\/nl\/?id=5312","global_id_lineage":["wochefuerdeutsch.be\/nl\/?id=5312"]}],"custom_fields":[],"json_ld":{"@context":"http:\/\/schema.org","@type":"Event","name":"Een dag lang Duits beleven \u2013 kennismaken met de iDSB","description":"&lt;p&gt;In het kader van de Duitse Taalweek opent de Internationale Duitse School van Brussel (iDSB) haar deuren voor leerlingen uit de klassen 5 tot en met 10 van andere scholen [&hellip;]&lt;\/p&gt;\\n","image":"https:\/\/wochefuerdeutsch.be\/wp-content\/uploads\/2026\/09\/2025-10-06_Bild-Woche-in-Deutsch.jpg","url":"https:\/\/wochefuerdeutsch.be\/nl\/event\/einen-tag-lang-deutsch-erleben-schnuppern-an-der-idsb\/","eventAttendanceMode":"https:\/\/schema.org\/OfflineEventAttendanceMode","eventStatus":"https:\/\/schema.org\/EventScheduled","startDate":"2026-10-12T08:00:00+02:00","endDate":"2026-10-16T13:20:00+02:00","location":{"@type":"Place","name":"Internationale Deutsche Schule Br\u00fcssel","description":"","url":"","address":{"@type":"PostalAddress","streetAddress":"Rue du Long Ch\u00eane 71","addressLocality":"Wezembeek-Oppem","postalCode":"1970"},"telephone":"","sameAs":""},"organizer":{"@type":"Person","name":"Internationale Deutsche Schule Br\u00fcssel","description":"","url":"","telephone":"","email":"","sameAs":""},"performer":"Organization"}}